{"id":18675,"date":"2024-10-17T23:11:22","date_gmt":"2024-10-17T23:11:22","guid":{"rendered":"https:\/\/www.yetiskintekstil.com.tr\/domanic\/"},"modified":"2024-10-17T23:11:22","modified_gmt":"2024-10-17T23:11:22","slug":"domanic","status":"publish","type":"post","link":"https:\/\/www.yetiskintekstil.com.tr\/ar\/domanic\/","title":{"rendered":"Domani\u00e7 Dantel Lastik"},"content":{"rendered":"<figure id=\"attachment_7008\" aria-describedby=\"caption-attachment-7008\" style=\"width: 300px\" class=\"wp-caption alignright\"><img loading=\"lazy\" decoding=\"async\" class=\"size-medium wp-image-7008\" src=\"https:\/\/www.yetiskintekstil.com.tr\/wp-content\/uploads\/2024\/10\/Dantel-Lastik-Imalatcisi-1-300x85.webp\" alt=\"\" width=\"300\" height=\"85\" srcset=\"https:\/\/www.yetiskintekstil.com.tr\/ar\/wp-content\/uploads\/2024\/10\/Dantel-Lastik-Imalatcisi-1-300x85.webp 300w, https:\/\/www.yetiskintekstil.com.tr\/ar\/wp-content\/uploads\/2024\/10\/Dantel-Lastik-Imalatcisi-1.webp 600w\" sizes=\"auto, (max-width: 300px) 100vw, 300px\" \/><figcaption id=\"caption-attachment-7008\" class=\"wp-caption-text\">Dantel Lastik \u0130malat\u00e7\u0131s\u0131<\/figcaption><\/figure>\n<h2><span style=\"color: #000080;\">{turk\u0131ye} Dantel Lastik <\/span><span style=\"color: #000080;\"><a style=\"color: #000080;\" href=\"tel:+905445036503\">0 544 503 65 03<\/a><\/span><\/h2>\n<div class=\"flex-1 overflow-hidden\">\n<div class=\"h-full\">\n<div class=\"react-scroll-to-bottom--css-tvlqh-79elbk h-full\">\n<div class=\"react-scroll-to-bottom--css-tvlqh-1n7m0yu\">\n<div class=\"flex flex-col text-sm md:pb-9\">\n<article class=\"w-full text-token-text-primary focus-visible:outline-2 focus-visible:outline-offset-[-4px]\" dir=\"auto\" data-testid=\"conversation-turn-7\" data-scroll-anchor=\"true\">\n<div class=\"m-auto text-base py-[18px] px-3 md:px-4 w-full md:px-5 lg:px-4 xl:px-5\">\n<div class=\"mx-auto flex flex-1 gap-4 text-base md:gap-5 lg:gap-6 md:max-w-3xl lg:max-w-[40rem] xl:max-w-[48rem]\">\n<div class=\"group\/conversation-turn relative flex w-full min-w-0 flex-col agent-turn\">\n<div class=\"flex-col gap-1 md:gap-3\">\n<div class=\"flex max-w-full flex-col flex-grow\">\n<div class=\"min-h-8 text-message flex w-full flex-col items-end gap-2 whitespace-normal break-words [.text-message+&amp;]:mt-5\" dir=\"auto\" data-message-author-role=\"assistant\" data-message-id=\"ef08edf7-0a0b-463b-9d53-0ec8669374cb\" data-message-model-slug=\"gpt-4o-mini\">\n<div class=\"flex w-full flex-col gap-1 empty:hidden first:pt-[3px]\">\n<div class=\"markdown prose w-full break-words dark:prose-invert light\">\n<p>Domani\u00e7<a href=\"https:\/\/www.yetiskintekstil.com.tr\/product-category\/dantel-lastik-grubu\/\"> Dantel lastik<\/a>, imalat\u0131 yapan Yeti\u015fkin tekstil dantel lastik sekt\u00f6r\u00fcnde \u00f6zellikle i\u00e7 giyim ve \u00e7ocuk giyimi alan\u0131nda \u00f6nemli bir yere sahiptir. Yeti\u015fkin Tekstil Firmas\u0131, \u0130stanbul\/Bah\u00e7elievler&#8217;de bulunan bir \u00fcretici olarak, y\u00fcksek kaliteli dantel lastik imalat\u0131 yapmaktad\u0131r. Firmam\u0131z, T\u00fcrkiye\u2019nin d\u00f6rt bir yan\u0131na ula\u015fabilen geni\u015f da\u011f\u0131t\u0131m a\u011f\u0131yla, dantel lastik \u00fcretiminde sekt\u00f6r\u00fcn \u00f6nde gelen isimlerinden biri olmay\u0131 ba\u015farm\u0131\u015ft\u0131r. Bu makalede, dantel lastiklerin \u00f6zelliklerinden, Yeti\u015fkin Tekstil&#8217;in sundu\u011fu \u00fcr\u00fcn \u00e7e\u015fitlili\u011finden ve firmam\u0131z\u0131n sundu\u011fu hizmetlerden bahsedece\u011fiz.<\/p>\n<h3><span style=\"color: #003366;\">Dantel Lastik Nedir?<\/span><\/h3>\n<p>Dantel lastik, genellikle i\u00e7 giyimde ve \u00e7ocuk giyiminde kullan\u0131lan esnek bir malzemedir. \u0130nce dantel yap\u0131s\u0131 sayesinde hem \u015f\u0131k bir g\u00f6r\u00fcn\u00fcm sa\u011flar hem de giyimde rahatl\u0131k ve konfor sunar. Bayan i\u00e7 giyim i\u00e7in dantel lastik, s\u00fctyen, korse ve di\u011fer i\u00e7 giyim \u00fcr\u00fcnlerinde s\u0131k\u00e7a tercih edilmektedir. \u00c7ocuk giyiminde ise, \u015fort, ti\u015f\u00f6rt ve elbise gibi \u00fcr\u00fcnlerin tasar\u0131m\u0131nda kullan\u0131lmaktad\u0131r.<\/p>\n<h3><span style=\"color: #003366;\">Dantel Lastiklerin \u00d6zellikleri<\/span><\/h3>\n<h4><span style=\"color: #003366;\"><strong>Esneklik:<\/strong> <\/span>Dantel lastikler, y\u00fcksek elastikiyet \u00f6zelli\u011fine sahiptir. Bu sayede, giyilen \u00fcr\u00fcnlerin rahat bir \u015fekilde v\u00fccuda oturmas\u0131n\u0131 sa\u011flar.<\/h4>\n<h4><span style=\"color: #003366;\"><strong>Estetik G\u00f6r\u00fcn\u00fcm:<\/strong><\/span> Dantel yap\u0131s\u0131, \u00fcr\u00fcnlere zarif bir g\u00f6r\u00fcn\u00fcm katar. \u00d6zellikle i\u00e7 giyimde estetik a\u00e7\u0131dan olduk\u00e7a \u00f6nemlidir.<\/h4>\n<h4><strong><span style=\"color: #003366;\">Dayan\u0131kl\u0131l\u0131k<\/span>:<\/strong> Yeti\u015fkin Tekstil Firmas\u0131 olarak, \u00fcretti\u011fimiz dantel lastikler, uzun \u00f6m\u00fcrl\u00fc ve dayan\u0131kl\u0131d\u0131r. Kaliteli malzemeler kullan\u0131larak yap\u0131lan \u00fcretim s\u00fcreci, \u00fcr\u00fcnlerin dayan\u0131kl\u0131l\u0131\u011f\u0131n\u0131 art\u0131rmaktad\u0131r.<\/h4>\n<h4><span style=\"color: #003366;\"><strong>Farkl\u0131 Renk ve Desen Se\u00e7enekleri:<\/strong><\/span> Dantel lastikler, farkl\u0131 renk ve desen se\u00e7enekleri ile m\u00fc\u015fterilere sunulmaktad\u0131r. Bu sayede, her t\u00fcrl\u00fc giyim tarz\u0131na uygun \u00fcr\u00fcnler elde edilebilir.<\/h4>\n<h3><span style=\"color: #003366;\">Yeti\u015fkin Tekstil&#8217;in \u00dcr\u00fcn Yelpazesi<\/span><\/h3>\n<p>Domani\u00e7 Dantel Lastik imalat\u00e7\u0131s\u0131 Yeti\u015fkin Tekstil Firmas\u0131, dantel lastik imalat\u0131 alan\u0131nda geni\u015f bir \u00fcr\u00fcn yelpazesi sunmaktad\u0131r. Ba\u015fl\u0131ca \u00fcr\u00fcnlerimiz aras\u0131nda:<\/p>\n<h4><span style=\"color: #003366;\"><strong>Domani\u00e7 Bayan \u0130\u00e7 Giyim \u0130\u00e7in Dantel Lastik:<\/strong><\/span>\u00a0Domani\u00e7 Dantel Lastik imalat\u00e7\u0131s\u0131 Yeti\u015fkin Tekstil, bayan i\u00e7 giyimi i\u00e7in \u00f6zel olarak tasarlanm\u0131\u015f dantel lastikler \u00fcretmektedir. Bu \u00fcr\u00fcnler, y\u00fcksek kaliteli malzemelerden \u00fcretilmekte ve farkl\u0131 renk se\u00e7enekleri ile sunulmaktad\u0131r. \u0130\u00e7 giyimde konfor ve \u015f\u0131kl\u0131k arayan kad\u0131nlar i\u00e7in idealdir.<\/h4>\n<h4>\u00c7ocuk giyimi i\u00e7in \u00fcretilen dantel lastikler, \u00e7ocuklar\u0131n hareket \u00f6zg\u00fcrl\u00fc\u011f\u00fcn\u00fc k\u0131s\u0131tlamadan rahat bir kullan\u0131m sunar. Ayr\u0131ca, \u00e7ocuklar\u0131n hassas ciltlerine zarar vermeyecek yumu\u015fakl\u0131kta malzemelerle \u00fcretilmektedir.<\/h4>\n<p><span style=\"color: #000080;\"><strong>Domani\u00e7 Dantel Lastik \u0130malat\u0131:<\/strong><\/span> Dantel lastik imalat\u0131nda uzmanla\u015fm\u0131\u015f olan firmam\u0131z, m\u00fc\u015fterilerin taleplerine g\u00f6re \u00f6zel \u00fcretimler de yapabilmektedir. \u0130stenilen renk ve desenlerde dantel lastikler \u00fcretme kapasitesine sahibiz.<\/p>\n<h4><span style=\"color: #000080;\"><strong>Domani\u00e7 Dantel Lastik \u00dcreticisi:<\/strong> Domani\u00e7 Dantel Lastik imalat\u00e7\u0131s\u0131 <\/span>Yeti\u015fkin Tekstil, dantel lastik \u00fcreticisi olarak sekt\u00f6r\u00fcn ihtiya\u00e7lar\u0131na cevap verecek kalite ve \u00e7e\u015fitlilikte \u00fcr\u00fcnler sunmaktad\u0131r. Dantel lastiklerimiz, hem yerli hem de uluslararas\u0131 pazarda talep g\u00f6rmektedir.<\/h4>\n<h4><strong><span style=\"color: #000080;\">Domani\u00e7 Dantel Lastik Firmas\u0131<\/span>:<\/strong>Yeti\u015fkin Tekstil, dantel lastik firmas\u0131 olarak m\u00fc\u015fteri memnuniyetini \u00f6nceliklendirmektedir. Kaliteli \u00fcr\u00fcnler sunman\u0131n yan\u0131 s\u0131ra, m\u00fc\u015fteri taleplerine h\u0131zl\u0131 yan\u0131t vererek sekt\u00f6rdeki yerimizi g\u00fc\u00e7lendiriyoruz.<\/h4>\n<h3><span style=\"color: #000080;\">Domani\u00e7 Dantel Lastik Da\u011f\u0131t\u0131m\u0131 ve \u0130leti\u015fimi<\/span><\/h3>\n<p>Domani\u00e7 Dantel Lastik imalat\u00e7\u0131s\u0131 Yeti\u015fkin Tekstil , \u0130stanbul\/Bah\u00e7elievler&#8217;de merkezi bir konumda bulunmaktad\u0131r. Ancak, T\u00fcrkiye\u2019nin her yerine hizmet verebilmek i\u00e7in geni\u015f bir da\u011f\u0131t\u0131m a\u011f\u0131na sahibiz. M\u00fc\u015fterilerimizle ileti\u015fim kanallar\u0131m\u0131z arac\u0131l\u0131\u011f\u0131yla h\u0131zl\u0131 ve etkili bir \u015fekilde ba\u011flant\u0131 kurmaktay\u0131z. Anla\u015fma sa\u011fland\u0131\u011f\u0131 takdirde, t\u00fcm T\u00fcrkiye&#8217;ye dantel lastik imalat\u0131 yaparak m\u00fc\u015fteri memnuniyetini sa\u011flamaktay\u0131z.<\/p>\n<h4><span style=\"color: #000080;\"><strong>\u0130leti\u015fim Kanallar\u0131:<\/strong> <\/span>M\u00fc\u015fterilerimizle sa\u011flad\u0131\u011f\u0131m\u0131z ileti\u015fim, e-posta, telefon ve sosyal medya \u00fczerinden ger\u00e7ekle\u015ftirilmektedir. Herhangi bir sorunuz veya \u00fcr\u00fcn talebiniz i\u00e7in bizimle ileti\u015fime ge\u00e7mekten \u00e7ekinmeyin.<\/h4>\n<h3><span style=\"color: #000080;\">Dantel Lastik Kullan\u0131m Alanlar\u0131<\/span><\/h3>\n<p>Dantel lastik, farkl\u0131 giyim alanlar\u0131nda geni\u015f bir kullan\u0131m yelpazesine sahiptir. \u0130\u015fte baz\u0131 kullan\u0131m alanlar\u0131:<\/p>\n<h4><span style=\"color: #000080;\"><strong>\u0130\u00e7 Giyim:<\/strong> <\/span>S\u00fctyen, korse, atlet gibi i\u00e7 giyim \u00fcr\u00fcnlerinde dantel lastikler, konfor ve estetik sa\u011flamak i\u00e7in tercih edilir. Dantel lastiklerin ince yap\u0131s\u0131, i\u00e7 giyimde zarif bir g\u00f6r\u00fcn\u00fcm sunar.<\/h4>\n<h4><strong><span style=\"color: #000080;\">\u00c7ocuk Giyimi<\/span>:<\/strong> \u00c7ocuklar i\u00e7in tasarlanan ti\u015f\u00f6rtler, \u015fortlar ve elbiselerde dantel lastik kullan\u0131m\u0131 yayg\u0131nd\u0131r. Bu sayede, \u00e7ocuklar\u0131n hareket \u00f6zg\u00fcrl\u00fc\u011f\u00fc sa\u011flan\u0131rken, \u015f\u0131k bir g\u00f6r\u00fcn\u00fcm elde edilir.<\/h4>\n<h4><strong><span style=\"color: #000080;\">Moda Tasar\u0131m\u0131<\/span>:<\/strong> Moda d\u00fcnyas\u0131nda dantel lastikler, \u00e7e\u015fitli tasar\u0131mlarda ve kombinlerde kullan\u0131lmaktad\u0131r. Tasar\u0131mc\u0131lar, dantel lastikleri koleksiyonlar\u0131nda estetik bir detay olarak kullanarak, \u00fcr\u00fcnlerine zarif bir dokunu\u015f katmaktad\u0131r.<\/h4>\n<h4><span style=\"color: #000080;\"><strong>Ev Tekstili:<\/strong> <\/span>Dantel lastikler, ev tekstilinde de kullan\u0131labilmektedir. Perdeler, masa \u00f6rt\u00fcleri gibi \u00fcr\u00fcnlerde estetik bir unsur olarak yer al\u0131r.<\/h4>\n<h3><span style=\"color: #000080;\">Kalite ve G\u00fcvenilir Dantel Lastik \u0130malat\u0131<\/span><\/h3>\n<p>Domani\u00e7 Dantel Lastik imalat\u00e7\u0131s\u0131 Yeti\u015fkin Tekstil olarak, \u00fcretim s\u00fcre\u00e7lerimizde kaliteyi \u00f6n planda tutmaktay\u0131z. Dantel lastik imalat\u0131nda kullan\u0131lan malzemeler, sertifikal\u0131 ve g\u00fcvenilir kaynaklardan temin edilmektedir. \u00dcretim a\u015famas\u0131nda uygulanan kalite kontrol s\u00fcre\u00e7leri sayesinde, her bir \u00fcr\u00fcn\u00fcm\u00fcz\u00fcn y\u00fcksek standartlara uygun olmas\u0131n\u0131 sa\u011fl\u0131yoruz.<\/p>\n<h4><strong><span style=\"color: #000080;\">H\u0131zl\u0131 ve Etkili \u00dcretim<\/span>:<\/strong> M\u00fc\u015fteri taleplerine h\u0131zl\u0131 bir \u015fekilde cevap verebilmek ad\u0131na, \u00fcretim s\u00fcre\u00e7lerimizi optimize etmi\u015f durumday\u0131z. \u0130htiya\u00e7 duyulan miktarlarda ve s\u00fcrede \u00fcretim yapabilme kapasitesine sahibiz.<\/h4>\n<h3><span style=\"color: #000080;\">Dantel Lastik imalat\u0131nda M\u00fc\u015fteri Memnuniyeti\u00a0<\/span><\/h3>\n<p>M\u00fc\u015fteri memnuniyeti,Domani\u00e7 Dantel Lastik imalat\u00e7\u0131s\u0131 Yeti\u015fkin Tekstil Firmas\u0131&#8217;n\u0131n temel ilkelerinden biridir. M\u00fc\u015fterilerimizin ihtiya\u00e7lar\u0131n\u0131 anlamak ve bu ihtiya\u00e7lara uygun \u00e7\u00f6z\u00fcmler sunmak i\u00e7in s\u00fcrekli olarak \u00e7al\u0131\u015f\u0131yoruz. Dantel lastiklerimizle ilgili geri bildirimler, firmam\u0131z\u0131n geli\u015fimi a\u00e7\u0131s\u0131ndan b\u00fcy\u00fck \u00f6nem ta\u015f\u0131maktad\u0131r.<\/p>\n<h4><strong><span style=\"color: #000080;\">Geri Bildirim ve \u0130leti\u015fim<\/span>:<\/strong> M\u00fc\u015fterilerimiz, \u00fcr\u00fcnlerimiz hakk\u0131nda geri bildirimde bulunarak, bizimle ileti\u015fim kurabilirler. Bu geri bildirimler, \u00fcr\u00fcn kalitemizi art\u0131rmam\u0131za ve m\u00fc\u015fteri memnuniyetimizi sa\u011flamam\u0131za yard\u0131mc\u0131 olmaktad\u0131r.<\/h4>\n<\/div>\n<\/div>\n<\/div>\n<\/div>\n<\/div>\n<\/div>\n<\/div>\n<\/div>\n<\/article>\n<\/div>\n<\/div>\n<\/div>\n<\/div>\n<\/div>\n","protected":false},"excerpt":{"rendered":"<p>Domani\u00e7 Dantel Lastik,Domani\u00e7 Bayan \u0130\u00e7 Giyim Dantel Lastik , Domani\u00e7 \u00c7ocuk Giyim \u0130\u00e7in Dantel Lastik , dantel lastik imalat\u0131, dantel lastik \u00fcreticisi ,dantel lastik firmas\u0131 , dantel lastik \u00fcretimi<\/p>\n","protected":false},"author":1,"featured_media":0,"comment_status":"closed","ping_status":"closed","sticky":false,"template":"","format":"standard","meta":{"footnotes":""},"categories":[88474],"tags":[94947,94945,94946,94948,111363,111364,111362],"class_list":["post-18675","post","type-post","status-publish","format-standard","hentry","category-dantel-lastik","tag-dantel-lastik-firmasi","tag-dantel-lastik-imalati","tag-dantel-lastik-ureticisi","tag-dantel-lastik-uretimi","tag-domanic-bayan-ic-giyim-dantel-lastik","tag-domanic-cocuk-giyim-icin-dantel-lastik","tag-domanic-dantel-lastik"],"yoast_head":"<!-- This site is optimized with the Yoast SEO plugin v23.6 - https:\/\/yoast.com\/wordpress\/plugins\/seo\/ -->\n<title>Domani\u00e7 Dantel Lastik \/ Dantel Lastik \u0130malat\u00e7\u0131s\u0131<\/title>\n<meta name=\"description\" content=\"Domani\u00e7 Dantel Lastik \u0130malat\u00e7\u0131s\u0131 Yeti\u015fkin Tekstil firmam\u0131z\u0131 aray\u0131p dantel lastik imalat\u0131 yapt\u0131rabilirsiniz.\" \/>\n<meta name=\"robots\" content=\"index, follow, max-snippet:-1, max-image-preview:large, max-video-preview:-1\" \/>\n<link rel=\"canonical\" href=\"https:\/\/www.yetiskintekstil.com.tr\/ar\/domanic\/\" \/>\n<meta property=\"og:locale\" content=\"tr_TR\" \/>\n<meta property=\"og:type\" content=\"article\" \/>\n<meta property=\"og:title\" content=\"Domani\u00e7 Dantel Lastik \/ Dantel Lastik \u0130malat\u00e7\u0131s\u0131\" \/>\n<meta property=\"og:description\" content=\"Domani\u00e7 Dantel Lastik \u0130malat\u00e7\u0131s\u0131 Yeti\u015fkin Tekstil firmam\u0131z\u0131 aray\u0131p dantel lastik imalat\u0131 yapt\u0131rabilirsiniz.\" \/>\n<meta property=\"og:url\" content=\"https:\/\/www.yetiskintekstil.com.tr\/ar\/domanic\/\" \/>\n<meta property=\"og:site_name\" content=\"Yeti\u015fkinler Tekstil\" \/>\n<meta property=\"article:published_time\" content=\"2024-10-17T23:11:22+00:00\" \/>\n<meta property=\"og:image\" content=\"https:\/\/www.yetiskintekstil.com.tr\/wp-content\/uploads\/2024\/10\/Dantel-Lastik-Imalatcisi-1-300x85.webp\" \/>\n<meta name=\"author\" content=\"admin\" \/>\n<meta name=\"twitter:card\" content=\"summary_large_image\" \/>\n<meta name=\"twitter:label1\" content=\"Yazan:\" \/>\n\t<meta name=\"twitter:data1\" content=\"admin\" \/>\n\t<meta name=\"twitter:label2\" content=\"Tahmini okuma s\u00fcresi\" \/>\n\t<meta name=\"twitter:data2\" content=\"5 dakika\" \/>\n<script type=\"application\/ld+json\" class=\"yoast-schema-graph\">{\"@context\":\"https:\/\/schema.org\",\"@graph\":[{\"@type\":\"WebPage\",\"@id\":\"https:\/\/www.yetiskintekstil.com.tr\/ar\/domanic\/\",\"url\":\"https:\/\/www.yetiskintekstil.com.tr\/ar\/domanic\/\",\"name\":\"Domani\u00e7 Dantel Lastik \/ Dantel Lastik \u0130malat\u00e7\u0131s\u0131\",\"isPartOf\":{\"@id\":\"https:\/\/www.yetiskintekstil.com.tr\/ar\/#website\"},\"primaryImageOfPage\":{\"@id\":\"https:\/\/www.yetiskintekstil.com.tr\/ar\/domanic\/#primaryimage\"},\"image\":{\"@id\":\"https:\/\/www.yetiskintekstil.com.tr\/ar\/domanic\/#primaryimage\"},\"thumbnailUrl\":\"https:\/\/www.yetiskintekstil.com.tr\/wp-content\/uploads\/2024\/10\/Dantel-Lastik-Imalatcisi-1-300x85.webp\",\"datePublished\":\"2024-10-17T23:11:22+00:00\",\"dateModified\":\"2024-10-17T23:11:22+00:00\",\"author\":{\"@id\":\"https:\/\/www.yetiskintekstil.com.tr\/ar\/#\/schema\/person\/2e76056045e33281b5a76a9159bf7da1\"},\"description\":\"Domani\u00e7 Dantel Lastik \u0130malat\u00e7\u0131s\u0131 Yeti\u015fkin Tekstil firmam\u0131z\u0131 aray\u0131p dantel lastik imalat\u0131 yapt\u0131rabilirsiniz.\",\"breadcrumb\":{\"@id\":\"https:\/\/www.yetiskintekstil.com.tr\/ar\/domanic\/#breadcrumb\"},\"inLanguage\":\"tr\",\"potentialAction\":[{\"@type\":\"ReadAction\",\"target\":[\"https:\/\/www.yetiskintekstil.com.tr\/ar\/domanic\/\"]}]},{\"@type\":\"ImageObject\",\"inLanguage\":\"tr\",\"@id\":\"https:\/\/www.yetiskintekstil.com.tr\/ar\/domanic\/#primaryimage\",\"url\":\"https:\/\/www.yetiskintekstil.com.tr\/wp-content\/uploads\/2024\/10\/Dantel-Lastik-Imalatcisi-1-300x85.webp\",\"contentUrl\":\"https:\/\/www.yetiskintekstil.com.tr\/wp-content\/uploads\/2024\/10\/Dantel-Lastik-Imalatcisi-1-300x85.webp\"},{\"@type\":\"BreadcrumbList\",\"@id\":\"https:\/\/www.yetiskintekstil.com.tr\/ar\/domanic\/#breadcrumb\",\"itemListElement\":[{\"@type\":\"ListItem\",\"position\":1,\"name\":\"Anasayfa\",\"item\":\"https:\/\/www.yetiskintekstil.com.tr\/ar\/\"},{\"@type\":\"ListItem\",\"position\":2,\"name\":\"Domani\u00e7 Dantel Lastik\"}]},{\"@type\":\"WebSite\",\"@id\":\"https:\/\/www.yetiskintekstil.com.tr\/ar\/#website\",\"url\":\"https:\/\/www.yetiskintekstil.com.tr\/ar\/\",\"name\":\"Yeti\u015fkinler Tekstil\",\"description\":\"OEKO TEX\u00aeSTANDART 100 Standartlar\u0131nda \u0130malat\",\"potentialAction\":[{\"@type\":\"SearchAction\",\"target\":{\"@type\":\"EntryPoint\",\"urlTemplate\":\"https:\/\/www.yetiskintekstil.com.tr\/ar\/?s={search_term_string}\"},\"query-input\":{\"@type\":\"PropertyValueSpecification\",\"valueRequired\":true,\"valueName\":\"search_term_string\"}}],\"inLanguage\":\"tr\"},{\"@type\":\"Person\",\"@id\":\"https:\/\/www.yetiskintekstil.com.tr\/ar\/#\/schema\/person\/2e76056045e33281b5a76a9159bf7da1\",\"name\":\"admin\",\"image\":{\"@type\":\"ImageObject\",\"inLanguage\":\"tr\",\"@id\":\"https:\/\/www.yetiskintekstil.com.tr\/ar\/#\/schema\/person\/image\/\",\"url\":\"https:\/\/secure.gravatar.com\/avatar\/20a581f03b567346c2b3003d9cd2305098bc31eca6af501972d488460acf757e?s=96&d=mm&r=g\",\"contentUrl\":\"https:\/\/secure.gravatar.com\/avatar\/20a581f03b567346c2b3003d9cd2305098bc31eca6af501972d488460acf757e?s=96&d=mm&r=g\",\"caption\":\"admin\"},\"sameAs\":[\"http:\/\/www.yetiskintekstil.com.tr\"],\"url\":\"https:\/\/www.yetiskintekstil.com.tr\/ar\/author\/admin\/\"}]}<\/script>\n<!-- \/ Yoast SEO plugin. -->","yoast_head_json":{"title":"Domani\u00e7 Dantel Lastik \/ Dantel Lastik \u0130malat\u00e7\u0131s\u0131","description":"Domani\u00e7 Dantel Lastik \u0130malat\u00e7\u0131s\u0131 Yeti\u015fkin Tekstil firmam\u0131z\u0131 aray\u0131p dantel lastik imalat\u0131 yapt\u0131rabilirsiniz.","robots":{"index":"index","follow":"follow","max-snippet":"max-snippet:-1","max-image-preview":"max-image-preview:large","max-video-preview":"max-video-preview:-1"},"canonical":"https:\/\/www.yetiskintekstil.com.tr\/ar\/domanic\/","og_locale":"tr_TR","og_type":"article","og_title":"Domani\u00e7 Dantel Lastik \/ Dantel Lastik \u0130malat\u00e7\u0131s\u0131","og_description":"Domani\u00e7 Dantel Lastik \u0130malat\u00e7\u0131s\u0131 Yeti\u015fkin Tekstil firmam\u0131z\u0131 aray\u0131p dantel lastik imalat\u0131 yapt\u0131rabilirsiniz.","og_url":"https:\/\/www.yetiskintekstil.com.tr\/ar\/domanic\/","og_site_name":"Yeti\u015fkinler Tekstil","article_published_time":"2024-10-17T23:11:22+00:00","og_image":[{"url":"https:\/\/www.yetiskintekstil.com.tr\/wp-content\/uploads\/2024\/10\/Dantel-Lastik-Imalatcisi-1-300x85.webp"}],"author":"admin","twitter_card":"summary_large_image","twitter_misc":{"Yazan:":"admin","Tahmini okuma s\u00fcresi":"5 dakika"},"schema":{"@context":"https:\/\/schema.org","@graph":[{"@type":"WebPage","@id":"https:\/\/www.yetiskintekstil.com.tr\/ar\/domanic\/","url":"https:\/\/www.yetiskintekstil.com.tr\/ar\/domanic\/","name":"Domani\u00e7 Dantel Lastik \/ Dantel Lastik \u0130malat\u00e7\u0131s\u0131","isPartOf":{"@id":"https:\/\/www.yetiskintekstil.com.tr\/ar\/#website"},"primaryImageOfPage":{"@id":"https:\/\/www.yetiskintekstil.com.tr\/ar\/domanic\/#primaryimage"},"image":{"@id":"https:\/\/www.yetiskintekstil.com.tr\/ar\/domanic\/#primaryimage"},"thumbnailUrl":"https:\/\/www.yetiskintekstil.com.tr\/wp-content\/uploads\/2024\/10\/Dantel-Lastik-Imalatcisi-1-300x85.webp","datePublished":"2024-10-17T23:11:22+00:00","dateModified":"2024-10-17T23:11:22+00:00","author":{"@id":"https:\/\/www.yetiskintekstil.com.tr\/ar\/#\/schema\/person\/2e76056045e33281b5a76a9159bf7da1"},"description":"Domani\u00e7 Dantel Lastik \u0130malat\u00e7\u0131s\u0131 Yeti\u015fkin Tekstil firmam\u0131z\u0131 aray\u0131p dantel lastik imalat\u0131 yapt\u0131rabilirsiniz.","breadcrumb":{"@id":"https:\/\/www.yetiskintekstil.com.tr\/ar\/domanic\/#breadcrumb"},"inLanguage":"tr","potentialAction":[{"@type":"ReadAction","target":["https:\/\/www.yetiskintekstil.com.tr\/ar\/domanic\/"]}]},{"@type":"ImageObject","inLanguage":"tr","@id":"https:\/\/www.yetiskintekstil.com.tr\/ar\/domanic\/#primaryimage","url":"https:\/\/www.yetiskintekstil.com.tr\/wp-content\/uploads\/2024\/10\/Dantel-Lastik-Imalatcisi-1-300x85.webp","contentUrl":"https:\/\/www.yetiskintekstil.com.tr\/wp-content\/uploads\/2024\/10\/Dantel-Lastik-Imalatcisi-1-300x85.webp"},{"@type":"BreadcrumbList","@id":"https:\/\/www.yetiskintekstil.com.tr\/ar\/domanic\/#breadcrumb","itemListElement":[{"@type":"ListItem","position":1,"name":"Anasayfa","item":"https:\/\/www.yetiskintekstil.com.tr\/ar\/"},{"@type":"ListItem","position":2,"name":"Domani\u00e7 Dantel Lastik"}]},{"@type":"WebSite","@id":"https:\/\/www.yetiskintekstil.com.tr\/ar\/#website","url":"https:\/\/www.yetiskintekstil.com.tr\/ar\/","name":"Yeti\u015fkinler Tekstil","description":"OEKO TEX\u00aeSTANDART 100 Standartlar\u0131nda \u0130malat","potentialAction":[{"@type":"SearchAction","target":{"@type":"EntryPoint","urlTemplate":"https:\/\/www.yetiskintekstil.com.tr\/ar\/?s={search_term_string}"},"query-input":{"@type":"PropertyValueSpecification","valueRequired":true,"valueName":"search_term_string"}}],"inLanguage":"tr"},{"@type":"Person","@id":"https:\/\/www.yetiskintekstil.com.tr\/ar\/#\/schema\/person\/2e76056045e33281b5a76a9159bf7da1","name":"admin","image":{"@type":"ImageObject","inLanguage":"tr","@id":"https:\/\/www.yetiskintekstil.com.tr\/ar\/#\/schema\/person\/image\/","url":"https:\/\/secure.gravatar.com\/avatar\/20a581f03b567346c2b3003d9cd2305098bc31eca6af501972d488460acf757e?s=96&d=mm&r=g","contentUrl":"https:\/\/secure.gravatar.com\/avatar\/20a581f03b567346c2b3003d9cd2305098bc31eca6af501972d488460acf757e?s=96&d=mm&r=g","caption":"admin"},"sameAs":["http:\/\/www.yetiskintekstil.com.tr"],"url":"https:\/\/www.yetiskintekstil.com.tr\/ar\/author\/admin\/"}]}},"_links":{"self":[{"href":"https:\/\/www.yetiskintekstil.com.tr\/ar\/wp-json\/wp\/v2\/posts\/18675","targetHints":{"allow":["GET"]}}],"collection":[{"href":"https:\/\/www.yetiskintekstil.com.tr\/ar\/wp-json\/wp\/v2\/posts"}],"about":[{"href":"https:\/\/www.yetiskintekstil.com.tr\/ar\/wp-json\/wp\/v2\/types\/post"}],"author":[{"embeddable":true,"href":"https:\/\/www.yetiskintekstil.com.tr\/ar\/wp-json\/wp\/v2\/users\/1"}],"replies":[{"embeddable":true,"href":"https:\/\/www.yetiskintekstil.com.tr\/ar\/wp-json\/wp\/v2\/comments?post=18675"}],"version-history":[{"count":0,"href":"https:\/\/www.yetiskintekstil.com.tr\/ar\/wp-json\/wp\/v2\/posts\/18675\/revisions"}],"wp:attachment":[{"href":"https:\/\/www.yetiskintekstil.com.tr\/ar\/wp-json\/wp\/v2\/media?parent=18675"}],"wp:term":[{"taxonomy":"category","embeddable":true,"href":"https:\/\/www.yetiskintekstil.com.tr\/ar\/wp-json\/wp\/v2\/categories?post=18675"},{"taxonomy":"post_tag","embeddable":true,"href":"https:\/\/www.yetiskintekstil.com.tr\/ar\/wp-json\/wp\/v2\/tags?post=18675"}],"curies":[{"name":"wp","href":"https:\/\/api.w.org\/{rel}","templated":true}]}}